{"id":5755,"date":"2026-03-05T16:55:22","date_gmt":"2026-03-05T15:55:22","guid":{"rendered":"https:\/\/www.sgbczechtrafo.cz\/?p=5755"},"modified":"2026-03-05T17:25:33","modified_gmt":"2026-03-05T16:25:33","slug":"zveme-vas-na-amper-2026-kde-se-rodi-budoucnost-energetiky-a-elektrotechniky","status":"publish","type":"post","link":"https:\/\/www.sgbczechtrafo.cz\/en\/zveme-vas-na-amper-2026-kde-se-rodi-budoucnost-energetiky-a-elektrotechniky\/","title":{"rendered":"We Invite You to AMPER 2026: Where the Future of Energy and Electrotechnics Is Born"},"content":{"rendered":"<div class=\"fusion-fullwidth fullwidth-box fusion-builder-row-1 fusion-flex-container has-pattern-background has-mask-background nonhundred-percent-fullwidth non-hundred-percent-height-scrolling\" style=\"--awb-border-radius-top-left:0px;--awb-border-radius-top-right:0px;--awb-border-radius-bottom-right:0px;--awb-border-radius-bottom-left:0px;--awb-padding-top:0px;--awb-flex-wrap:wrap;\" ><div class=\"fusion-builder-row fusion-row fusion-flex-align-items-flex-start fusion-flex-content-wrap\" style=\"max-width:1310.4px;margin-left: calc(-4% \/ 2 );margin-right: calc(-4% \/ 2 );\"><div class=\"fusion-layout-column fusion_builder_column fusion-builder-column-0 fusion_builder_column_1_1 1_1 fusion-flex-column\" style=\"--awb-bg-size:cover;--awb-width-large:100%;--awb-margin-top-large:20px;--awb-spacing-right-large:1.92%;--awb-margin-bottom-large:20px;--awb-spacing-left-large:1.92%;--awb-width-medium:100%;--awb-order-medium:0;--awb-spacing-right-medium:1.92%;--awb-spacing-left-medium:1.92%;--awb-width-small:100%;--awb-order-small:0;--awb-spacing-right-small:1.92%;--awb-spacing-left-small:1.92%;\"><div class=\"fusion-column-wrapper fusion-column-has-shadow fusion-flex-justify-content-flex-start fusion-content-layout-column\"><div class=\"fusion-image-element\" style=\"text-align:center;--awb-margin-bottom:60px;--awb-caption-title-font-family:var(--h2_typography-font-family);--awb-caption-title-font-weight:var(--h2_typography-font-weight);--awb-caption-title-font-style:var(--h2_typography-font-style);--awb-caption-title-size:var(--h2_typography-font-size);--awb-caption-title-transform:var(--h2_typography-text-transform);--awb-caption-title-line-height:var(--h2_typography-line-height);--awb-caption-title-letter-spacing:var(--h2_typography-letter-spacing);\"><span class=\"fusion-imageframe imageframe-none imageframe-1 hover-type-none\" style=\"border-radius:12px;\"><img decoding=\"async\" width=\"600\" height=\"200\" title=\"Banner\" src=\"https:\/\/www.sgbczechtrafo.cz\/wp-content\/uploads\/2026\/03\/Banner.png\" data-orig-src=\"https:\/\/www.sgbczechtrafo.cz\/wp-content\/uploads\/2026\/03\/Banner.png\" alt class=\"lazyload img-responsive wp-image-5757\" srcset=\"data:image\/svg+xml,%3Csvg%20xmlns%3D%27http%3A%2F%2Fwww.w3.org%2F2000%2Fsvg%27%20width%3D%27600%27%20height%3D%27200%27%20viewBox%3D%270%200%20600%20200%27%3E%3Crect%20width%3D%27600%27%20height%3D%27200%27%20fill-opacity%3D%220%22%2F%3E%3C%2Fsvg%3E\" data-srcset=\"https:\/\/www.sgbczechtrafo.cz\/wp-content\/uploads\/2026\/03\/Banner-200x67.png 200w, https:\/\/www.sgbczechtrafo.cz\/wp-content\/uploads\/2026\/03\/Banner-400x133.png 400w, https:\/\/www.sgbczechtrafo.cz\/wp-content\/uploads\/2026\/03\/Banner.png 600w\" data-sizes=\"auto\" data-orig-sizes=\"(max-width: 640px) 100vw, 600px\" \/><\/span><\/div><div class=\"fusion-text fusion-text-1\"><p class=\"translation-block\">The <strong>AMPER<\/strong> trade fair has long been one of the most significant events in the world of <strong>electrical engineering, electronics, and energy<\/strong> in the Czech Republic and Slovakia. Every year, it brings together leading companies, experts, visionaries, and technology enthusiasts. And this year will be no different \u2014 <strong>from March 17 to 19, 2026<\/strong>, the Brno Exhibition Centre will once again transform into a hub of innovation, inspiration, and smart solutions for the future. And we will be there.<\/p>\n<p><strong><strong>Why should you be there too?<\/strong><\/strong><\/p>\n<p class=\"translation-block\">AMPER is not just an exhibition. It is a <strong>living ecosystem of technologies<\/strong> where you can discover the trends that will shape the energy and industrial sectors in the coming years. The fair also includes a professional conference program focusing on today\u2019s most relevant topics \u2014 <strong>digital transformation of energy<\/strong>, <strong>photovoltaics<\/strong>, <strong>renewable energy sources<\/strong>, <strong>electromobility<\/strong>, <strong>smart transport<\/strong>, <strong>cybersecurity<\/strong>, <strong>AI in electrotechnics<\/strong>, and <strong>intelligent buildings<\/strong>.\nEach of these topics brings rapid change, new opportunities, and new challenges. AMPER is the ideal place to experience everything firsthand, consult with experts, and find solutions tailored to your projects.<\/p>\n<p class=\"translation-block\"><strong>Find us in Hall P \u2013 Stand P 214<\/strong><\/p>\n<p class=\"translation-block\">As in previous years, we will be presenting our solutions at the fair. This year, you can find us at: <strong>Hall P, Stand P 214<\/strong><\/p>\n<p>We are preparing an overview of our latest technologies, practical demonstrations, space for consultations, and \u2014 above all \u2014 a friendly and informal atmosphere. Whether you are dealing with transformers, energy efficiency, infrastructure modernization, or simply looking for inspiration, you will have the opportunity to meet with us and discuss anything that interests you.<\/p>\n<p><strong><strong>What will you gain from your visit?<\/strong><\/strong><\/p>\n<p><strong>Nov\u00e9 n\u00e1pady<\/strong> \u2013 d\u00edky prezentaci nej\u010derstv\u011bj\u0161\u00edch trend\u016f i mo\u017enostem, kter\u00e9 m\u011bn\u00ed tv\u00e1\u0159 energetiky.<br \/>\n<strong>Praktick\u00e9 tipy<\/strong> \u2013 jak vyu\u017e\u00edt modern\u00ed technologie ve sv\u00fdch projektech.<br \/>\n<strong>Osobn\u00ed konzultaci<\/strong> \u2013 r\u00e1di si vyslechneme va\u0161e pot\u0159eby a doporu\u010d\u00edme ta nejlep\u0161\u00ed \u0159e\u0161en\u00ed.<br \/>\n<strong style=\"letter-spacing: 0.128px; background-color: rgba(0, 0, 0, 0);\">Networking<\/strong><span style=\"letter-spacing: 0.128px; background-color: rgba(0, 0, 0, 0);\"> \u2013 proto\u017ee pr\u00e1v\u011b zde vznikaj\u00ed spolupr\u00e1ce, kter\u00e9 posouvaj\u00ed obor kup\u0159edu.<\/span><\/p>\n<p><strong><strong>We look forward to seeing you!<\/strong><\/strong><\/p>\n<p>Visit us at AMPER 2026 and become part of a place where industry, science, and technology meet \u2014 with a vision of a more sustainable and efficient future.<\/p>\n<p><strong><strong>We will be happy to welcome you at our stand in Hall P, Stand P 214.<\/strong><\/strong><\/p>\n<\/div><\/div><\/div><\/div><\/div>","protected":false},"excerpt":{"rendered":"","protected":false},"author":1,"featured_media":5756,"comment_status":"open","ping_status":"open","sticky":false,"template":"","format":"standard","meta":{"footnotes":""},"categories":[70],"tags":[],"class_list":["post-5755","post","type-post","status-publish","format-standard","has-post-thumbnail","hentry","category-novinky"],"_links":{"self":[{"href":"https:\/\/www.sgbczechtrafo.cz\/en\/wp-json\/wp\/v2\/posts\/5755","targetHints":{"allow":["GET"]}}],"collection":[{"href":"https:\/\/www.sgbczechtrafo.cz\/en\/wp-json\/wp\/v2\/posts"}],"about":[{"href":"https:\/\/www.sgbczechtrafo.cz\/en\/wp-json\/wp\/v2\/types\/post"}],"author":[{"embeddable":true,"href":"https:\/\/www.sgbczechtrafo.cz\/en\/wp-json\/wp\/v2\/users\/1"}],"replies":[{"embeddable":true,"href":"https:\/\/www.sgbczechtrafo.cz\/en\/wp-json\/wp\/v2\/comments?post=5755"}],"version-history":[{"count":4,"href":"https:\/\/www.sgbczechtrafo.cz\/en\/wp-json\/wp\/v2\/posts\/5755\/revisions"}],"predecessor-version":[{"id":5761,"href":"https:\/\/www.sgbczechtrafo.cz\/en\/wp-json\/wp\/v2\/posts\/5755\/revisions\/5761"}],"wp:featuredmedia":[{"embeddable":true,"href":"https:\/\/www.sgbczechtrafo.cz\/en\/wp-json\/wp\/v2\/media\/5756"}],"wp:attachment":[{"href":"https:\/\/www.sgbczechtrafo.cz\/en\/wp-json\/wp\/v2\/media?parent=5755"}],"wp:term":[{"taxonomy":"category","embeddable":true,"href":"https:\/\/www.sgbczechtrafo.cz\/en\/wp-json\/wp\/v2\/categories?post=5755"},{"taxonomy":"post_tag","embeddable":true,"href":"https:\/\/www.sgbczechtrafo.cz\/en\/wp-json\/wp\/v2\/tags?post=5755"}],"curies":[{"name":"wp","href":"https:\/\/api.w.org\/{rel}","templated":true}]}}