{"id":5755,"date":"2026-03-05T16:55:22","date_gmt":"2026-03-05T15:55:22","guid":{"rendered":"https:\/\/www.sgbczechtrafo.cz\/?p=5755"},"modified":"2026-03-05T17:25:33","modified_gmt":"2026-03-05T16:25:33","slug":"zveme-vas-na-amper-2026-kde-se-rodi-budoucnost-energetiky-a-elektrotechniky","status":"publish","type":"post","link":"https:\/\/www.sgbczechtrafo.cz\/de\/zveme-vas-na-amper-2026-kde-se-rodi-budoucnost-energetiky-a-elektrotechniky\/","title":{"rendered":"Wir laden Sie zur AMPER 2026 ein: Dort, wo die Zukunft der Energie und Elektrotechnik entsteht"},"content":{"rendered":"<div class=\"fusion-fullwidth fullwidth-box fusion-builder-row-1 fusion-flex-container has-pattern-background has-mask-background nonhundred-percent-fullwidth non-hundred-percent-height-scrolling\" style=\"--awb-border-radius-top-left:0px;--awb-border-radius-top-right:0px;--awb-border-radius-bottom-right:0px;--awb-border-radius-bottom-left:0px;--awb-padding-top:0px;--awb-flex-wrap:wrap;\" ><div class=\"fusion-builder-row fusion-row fusion-flex-align-items-flex-start fusion-flex-content-wrap\" style=\"max-width:1310.4px;margin-left: calc(-4% \/ 2 );margin-right: calc(-4% \/ 2 );\"><div class=\"fusion-layout-column fusion_builder_column fusion-builder-column-0 fusion_builder_column_1_1 1_1 fusion-flex-column\" style=\"--awb-bg-size:cover;--awb-width-large:100%;--awb-margin-top-large:20px;--awb-spacing-right-large:1.92%;--awb-margin-bottom-large:20px;--awb-spacing-left-large:1.92%;--awb-width-medium:100%;--awb-order-medium:0;--awb-spacing-right-medium:1.92%;--awb-spacing-left-medium:1.92%;--awb-width-small:100%;--awb-order-small:0;--awb-spacing-right-small:1.92%;--awb-spacing-left-small:1.92%;\"><div class=\"fusion-column-wrapper fusion-column-has-shadow fusion-flex-justify-content-flex-start fusion-content-layout-column\"><div class=\"fusion-image-element\" style=\"text-align:center;--awb-margin-bottom:60px;--awb-caption-title-font-family:var(--h2_typography-font-family);--awb-caption-title-font-weight:var(--h2_typography-font-weight);--awb-caption-title-font-style:var(--h2_typography-font-style);--awb-caption-title-size:var(--h2_typography-font-size);--awb-caption-title-transform:var(--h2_typography-text-transform);--awb-caption-title-line-height:var(--h2_typography-line-height);--awb-caption-title-letter-spacing:var(--h2_typography-letter-spacing);\"><span class=\"fusion-imageframe imageframe-none imageframe-1 hover-type-none\" style=\"border-radius:12px;\"><img decoding=\"async\" width=\"600\" height=\"200\" title=\"Banner\" src=\"https:\/\/www.sgbczechtrafo.cz\/wp-content\/uploads\/2026\/03\/Banner.png\" data-orig-src=\"https:\/\/www.sgbczechtrafo.cz\/wp-content\/uploads\/2026\/03\/Banner.png\" alt class=\"lazyload img-responsive wp-image-5757\" srcset=\"data:image\/svg+xml,%3Csvg%20xmlns%3D%27http%3A%2F%2Fwww.w3.org%2F2000%2Fsvg%27%20width%3D%27600%27%20height%3D%27200%27%20viewBox%3D%270%200%20600%20200%27%3E%3Crect%20width%3D%27600%27%20height%3D%27200%27%20fill-opacity%3D%220%22%2F%3E%3C%2Fsvg%3E\" data-srcset=\"https:\/\/www.sgbczechtrafo.cz\/wp-content\/uploads\/2026\/03\/Banner-200x67.png 200w, https:\/\/www.sgbczechtrafo.cz\/wp-content\/uploads\/2026\/03\/Banner-400x133.png 400w, https:\/\/www.sgbczechtrafo.cz\/wp-content\/uploads\/2026\/03\/Banner.png 600w\" data-sizes=\"auto\" data-orig-sizes=\"(max-width: 640px) 100vw, 600px\" \/><\/span><\/div><div class=\"fusion-text fusion-text-1\"><p class=\"translation-block\">Die Messe <strong>AMPER<\/strong> geh\u00f6rt seit vielen Jahren zu den bedeutendsten Veranstaltungen in den Bereichen <strong>Elektrotechnik, Elektronik und Energie<\/strong> in Tschechien und der Slowakei. Jedes Jahr vereint sie f\u00fchrende Unternehmen, Experten, Vision\u00e4re und Technikbegeisterte. Und auch in diesem Jahr wird das nicht anders sein \u2014 <strong>vom 17. bis 19. M\u00e4rz 2026<\/strong> verwandelt sich das Messegel\u00e4nde in Br\u00fcnn erneut in ein Zentrum f\u00fcr Innovation, Inspiration und intelligente L\u00f6sungen der Zukunft. Und wir sind mit dabei.<\/p>\n<p><strong><strong>Warum sollten Sie ebenfalls dabei sein?<\/strong><\/strong><\/p>\n<p class=\"translation-block\">AMPER ist nicht nur eine Ausstellung. Es ist ein <strong>lebendiges \u00d6kosystem von Technologien<\/strong>, in dem Sie die Trends entdecken k\u00f6nnen, die die Energiewirtschaft und Industrie der kommenden Jahre pr\u00e4gen werden. Das Messeprogramm umfasst au\u00dferdem eine Fachkonferenz zu aktuellen Themen wie <strong>digitale Energiewende<\/strong>, <strong>Photovoltaik<\/strong>, <strong>erneuerbare Energien<\/strong>, <strong>Elektromobilit\u00e4t<\/strong>, <strong>intelligente Verkehrssysteme<\/strong>, <strong>Cybersicherheit<\/strong>, <strong>KI in der Elektrotechnik<\/strong> oder <strong>intelligente Geb\u00e4ude<\/strong>.\nJedes dieser Themen bringt schnelle Ver\u00e4nderungen, neue Chancen und neue Herausforderungen mit sich. AMPER ist der ideale Ort, um all das aus erster Hand zu erleben, sich mit Experten auszutauschen und L\u00f6sungen zu finden, die zu Ihren Projekten passen.<\/p>\n<p class=\"translation-block\"><strong>Sie finden uns in<\/strong><strong> <\/strong><strong>Halle P <\/strong><strong>\u2013<\/strong><strong> Stand P 214<\/strong><\/p>\n<p class=\"translation-block\">Wie in den Vorjahren pr\u00e4sentieren wir auch diesmal unsere L\u00f6sungen auf der Messe. Sie finden uns hier: <strong>Halle P, Stand P 214<\/strong><\/p>\n<p>Wir bereiten f\u00fcr Sie eine \u00dcbersicht unserer neuesten Technologien, praktische Demonstrationen, Raum f\u00fcr Beratung und \u2014 vor allem \u2014 ein angenehmes, informelles Treffen vor. Ob es um Transformatoren, Energieeffizienz, Modernisierung der Infrastruktur oder neue Projektideen geht \u2014 wir freuen uns darauf, mit Ihnen pers\u00f6nlich zu sprechen.<\/p>\n<p><strong><strong>Was nehmen Sie von Ihrem Besuch mit?<\/strong><\/strong><\/p>\n<p><strong>Nov\u00e9 n\u00e1pady<\/strong> \u2013 d\u00edky prezentaci nej\u010derstv\u011bj\u0161\u00edch trend\u016f i mo\u017enostem, kter\u00e9 m\u011bn\u00ed tv\u00e1\u0159 energetiky.<br \/>\n<strong>Praktick\u00e9 tipy<\/strong> \u2013 jak vyu\u017e\u00edt modern\u00ed technologie ve sv\u00fdch projektech.<br \/>\n<strong>Osobn\u00ed konzultaci<\/strong> \u2013 r\u00e1di si vyslechneme va\u0161e pot\u0159eby a doporu\u010d\u00edme ta nejlep\u0161\u00ed \u0159e\u0161en\u00ed.<br \/>\n<strong style=\"letter-spacing: 0.128px; background-color: rgba(0, 0, 0, 0);\">Networking<\/strong><span style=\"letter-spacing: 0.128px; background-color: rgba(0, 0, 0, 0);\"> \u2013 proto\u017ee pr\u00e1v\u011b zde vznikaj\u00ed spolupr\u00e1ce, kter\u00e9 posouvaj\u00ed obor kup\u0159edu.<\/span><\/p>\n<p><strong><strong>Wir freuen uns auf Sie!<\/strong><\/strong><\/p>\n<p>Besuchen Sie uns auf der AMPER 2026 und werden Sie Teil eines Ortes, an dem Industrie, Wissenschaft und Technologie zusammenkommen \u2014 mit einer Vision f\u00fcr eine nachhaltigere und effizientere Zukunft.<\/p>\n<p><strong><strong>Wir hei\u00dfen Sie herzlich willkommen an unserem Stand in Halle P, Stand P 214.<\/strong><\/strong><\/p>\n<\/div><\/div><\/div><\/div><\/div>","protected":false},"excerpt":{"rendered":"","protected":false},"author":1,"featured_media":5756,"comment_status":"open","ping_status":"open","sticky":false,"template":"","format":"standard","meta":{"footnotes":""},"categories":[70],"tags":[],"class_list":["post-5755","post","type-post","status-publish","format-standard","has-post-thumbnail","hentry","category-novinky"],"_links":{"self":[{"href":"https:\/\/www.sgbczechtrafo.cz\/de\/wp-json\/wp\/v2\/posts\/5755","targetHints":{"allow":["GET"]}}],"collection":[{"href":"https:\/\/www.sgbczechtrafo.cz\/de\/wp-json\/wp\/v2\/posts"}],"about":[{"href":"https:\/\/www.sgbczechtrafo.cz\/de\/wp-json\/wp\/v2\/types\/post"}],"author":[{"embeddable":true,"href":"https:\/\/www.sgbczechtrafo.cz\/de\/wp-json\/wp\/v2\/users\/1"}],"replies":[{"embeddable":true,"href":"https:\/\/www.sgbczechtrafo.cz\/de\/wp-json\/wp\/v2\/comments?post=5755"}],"version-history":[{"count":4,"href":"https:\/\/www.sgbczechtrafo.cz\/de\/wp-json\/wp\/v2\/posts\/5755\/revisions"}],"predecessor-version":[{"id":5761,"href":"https:\/\/www.sgbczechtrafo.cz\/de\/wp-json\/wp\/v2\/posts\/5755\/revisions\/5761"}],"wp:featuredmedia":[{"embeddable":true,"href":"https:\/\/www.sgbczechtrafo.cz\/de\/wp-json\/wp\/v2\/media\/5756"}],"wp:attachment":[{"href":"https:\/\/www.sgbczechtrafo.cz\/de\/wp-json\/wp\/v2\/media?parent=5755"}],"wp:term":[{"taxonomy":"category","embeddable":true,"href":"https:\/\/www.sgbczechtrafo.cz\/de\/wp-json\/wp\/v2\/categories?post=5755"},{"taxonomy":"post_tag","embeddable":true,"href":"https:\/\/www.sgbczechtrafo.cz\/de\/wp-json\/wp\/v2\/tags?post=5755"}],"curies":[{"name":"wp","href":"https:\/\/api.w.org\/{rel}","templated":true}]}}